{"id":6869,"date":"2024-12-11T13:20:49","date_gmt":"2024-12-11T16:20:49","guid":{"rendered":"https:\/\/nexsa.cl\/guerrero\/noticia\/fne-da-inicio-al-estudio-de-mercado-sobre-comercio-electronico\/"},"modified":"2025-08-07T23:08:54","modified_gmt":"2025-08-08T03:08:54","slug":"fne-da-inicio-al-estudio-de-mercado-sobre-comercio-electronico","status":"publish","type":"noticia","link":"https:\/\/guerrero.cl\/noticias\/fne-da-inicio-al-estudio-de-mercado-sobre-comercio-electronico\/","title":{"rendered":"FNE da inicio al estudio de mercado sobre comercio electr\u00f3nico"},"content":{"rendered":"\n<p>El pasado 28 de noviembre de 2024, la Fiscal\u00eda Nacional Econ\u00f3mica (\u201cFNE\u201d o \u201cFiscal\u00eda\u201d) comunic\u00f3 el inicio de un estudio de mercado sobre la evoluci\u00f3n competitiva del comercio electr\u00f3nico (e-commerce) en Chile, el que se centrar\u00e1 en la comercializaci\u00f3n online de bienes f\u00edsicos durables a consumidores finales, con o sin intermediaci\u00f3n de terceros (\u201cEstudio\u201d).<\/p>\n\n\n\n<hr class=\"wp-block-separator has-alpha-channel-opacity\"\/>\n\n\n\n<p><strong>\u201cEl presente documento no constituye asesor\u00eda legal y el estudio Guerrero Olivos no ser\u00e1 responsable por actos u omisiones de terceros basados en la informaci\u00f3n contenida en \u00e9l\u201d.<\/strong><\/p>\n","protected":false},"excerpt":{"rendered":"<p>El pasado 28 de noviembre de 2024, la Fiscal\u00eda Nacional Econ\u00f3mica (\u201cFNE\u201d o \u201cFiscal\u00eda\u201d) comunic\u00f3 el inicio de un estudio de mercado sobre la evoluci\u00f3n competitiva del comercio electr\u00f3nico (e-commerce) en Chile, el que se centrar\u00e1 en la comercializaci\u00f3n online de bienes f\u00edsicos durables a consumidores finales, con o sin intermediaci\u00f3n de terceros (\u201cEstudio\u201d). \u201cEl [&hellip;]<\/p>\n","protected":false},"featured_media":6870,"template":"","meta":{"_acf_changed":false},"categories":[57],"tags":[],"class_list":["post-6869","noticia","type-noticia","status-publish","has-post-thumbnail","hentry","category-actualidad-legal-y-noticias"],"acf":[],"aioseo_notices":[],"_links":{"self":[{"href":"https:\/\/guerrero.cl\/en\/wp-json\/wp\/v2\/noticia\/6869","targetHints":{"allow":["GET"]}}],"collection":[{"href":"https:\/\/guerrero.cl\/en\/wp-json\/wp\/v2\/noticia"}],"about":[{"href":"https:\/\/guerrero.cl\/en\/wp-json\/wp\/v2\/types\/noticia"}],"version-history":[{"count":1,"href":"https:\/\/guerrero.cl\/en\/wp-json\/wp\/v2\/noticia\/6869\/revisions"}],"predecessor-version":[{"id":10900,"href":"https:\/\/guerrero.cl\/en\/wp-json\/wp\/v2\/noticia\/6869\/revisions\/10900"}],"wp:featuredmedia":[{"embeddable":true,"href":"https:\/\/guerrero.cl\/en\/wp-json\/wp\/v2\/media\/6870"}],"wp:attachment":[{"href":"https:\/\/guerrero.cl\/en\/wp-json\/wp\/v2\/media?parent=6869"}],"wp:term":[{"taxonomy":"category","embeddable":true,"href":"https:\/\/guerrero.cl\/en\/wp-json\/wp\/v2\/categories?post=6869"},{"taxonomy":"post_tag","embeddable":true,"href":"https:\/\/guerrero.cl\/en\/wp-json\/wp\/v2\/tags?post=6869"}],"curies":[{"name":"wp","href":"https:\/\/api.w.org\/{rel}","templated":true}]}}